{"id":19397,"date":"2026-08-31T17:59:40","date_gmt":"2026-08-31T15:59:40","guid":{"rendered":"https:\/\/laostia.top\/?p=19397"},"modified":"2026-08-31T17:59:40","modified_gmt":"2026-08-31T15:59:40","slug":"acondicionador-pantene-pro-v-repara-y-protege-para-pelo-danado-de-800-ml-por-solo-810e-con-cupon-38","status":"publish","type":"post","link":"https:\/\/laostia.top\/?p=19397","title":{"rendered":"Acondicionador Pantene Pro-V Repara y Protege para pelo da\u00f1ado de 800 ml por s\u00f3lo 8,10\u20ac con cup\u00f3n (-38%)"},"content":{"rendered":"<div id=\"page\"><main id=\"main\"><\/p>\n<article id=\"post-1132534\" itemtype=\"https:\/\/schema.org\/CreativeWork\" itemscope>\n<div itemprop=\"text\">\n<p>\u00bfBuscas un acondicionador que cuide el cabello d\u00e9bil o da\u00f1ado sin dejar sensaci\u00f3n pesada? Este <strong>acondicionador Pantene Pro-V Repara y Protege de 800 ml<\/strong> combina una f\u00f3rmula protectora con un c\u00f3modo dosificador.<\/p>\n<\/p>\n<p>Puedes conseguirlo ahora mismo en Amazon <a title=\"Comprar en Amazon\" href=\"https:\/\/laostia.top\/tienda\/?asin=B0DGG9N9L7\" target=\"_blank\" rel=\"nofollow noopener noreferrer\"><strong>por solo <span data-asin=\"B0DGG9N9L7\" data-oferta=\"32537\">8,10\u20ac<\/span><\/strong><\/a> con el cup\u00f3n disponible en ficha, lo que supone un <strong><span data-asin=\"B0DGG9N9L7\" data-oferta=\"32537\">38%<\/span> de descuento<\/strong> respecto a su precio habitual. Una buena oportunidad para incorporar un formato amplio a tu rutina capilar.<\/p>\n<h2>Un acondicionador ligero que protege el cabello<\/h2>\n<p>Su f\u00f3rmula con tecnolog\u00eda Active Nutri-Plex incorpora un 50% m\u00e1s de agentes protectores de enlaces capilares frente a la f\u00f3rmula anterior. El <a title=\"Comprar acondicionador con tecnolog\u00eda Active Nutri-Plex\" href=\"https:\/\/laostia.top\/tienda\/?asin=B0DGG9N9L7\" target=\"_blank\" rel=\"nofollow noopener noreferrer\"><strong>acondicionador con tecnolog\u00eda Active Nutri-Plex<\/strong><\/a> est\u00e1 pensado para reforzar el cabello expuesto al peinado.<\/p>\n<p>La textura busca dejar una sensaci\u00f3n ligera, sin aspecto graso, un punto interesante para quienes prefieren un acabado m\u00e1s suelto. Adem\u00e1s, est\u00e1 orientado a cabello seco, d\u00e9bil o da\u00f1ado que necesita un extra de protecci\u00f3n.<\/p>\n<p>El formato incorpora un dosificador que facilita aplicar la cantidad necesaria sin manipular el envase. Sus <strong>800 ml con dispensador<\/strong> permiten tener el producto bien accesible durante la rutina de lavado.<\/p>\n<h2>Caracter\u00edsticas principales<\/h2>\n<ul>\n<li>F\u00f3rmula con tecnolog\u00eda Active Nutri-Plex.<\/li>\n<li>Incluye un 50% m\u00e1s de agentes protectores.<\/li>\n<li>Ayuda a reforzar los enlaces capilares.<\/li>\n<li>Indicado para cabello d\u00e9bil, seco o da\u00f1ado.<\/li>\n<li>Puede dejar el cabello hasta un 100% m\u00e1s fuerte.<\/li>\n<li>Textura ligera sin acabado graso.<\/li>\n<li>Apto para cabello te\u00f1ido o con permanente.<\/li>\n<li>Envase de 800 ml con dosificador.<\/li>\n<li>Mide 23,80 x 9,80 x 7,20 cm.<\/li>\n<li>El envase completo pesa 893 g.<\/li>\n<\/ul>\n<p>La combinaci\u00f3n de textura ligera y dispensador hace que el uso resulte c\u00f3modo tras el lavado. Si buscas una opci\u00f3n enfocada en el cuidado del cabello da\u00f1ado, el <a title=\"Comprar acondicionador para cabello d\u00e9bil o da\u00f1ado\" href=\"https:\/\/laostia.top\/tienda\/?asin=B0DGG9N9L7\" target=\"_blank\" rel=\"nofollow noopener noreferrer\"><strong>acondicionador para cabello d\u00e9bil o da\u00f1ado<\/strong><\/a> re\u00fane una propuesta centrada en la protecci\u00f3n.<\/p>\n<h2>Acondicionador Pantene Pro-V Repara y Protege con buenas valoraciones<\/h2>\n<p>Puede encajar especialmente con quienes buscan suavizar y reforzar una melena castigada por el peinado o los tratamientos capilares.<\/p>\n<blockquote>\n<p>\u00abLa f\u00f3rmula est\u00e1 enfocada en aportar protecci\u00f3n al cabello d\u00e9bil sin renunciar a una sensaci\u00f3n ligera.\u00bb<\/p>\n<\/blockquote>\n<blockquote>\n<p>\u00abEl dosificador del formato de 800 ml resulta pr\u00e1ctico para controlar la aplicaci\u00f3n.\u00bb<\/p>\n<\/blockquote>\n<blockquote>\n<p>\u00abQue sea apto para cabello te\u00f1ido o con permanente ampl\u00eda sus posibilidades de uso.\u00bb<\/p>\n<\/blockquote>\n<p>Con su f\u00f3rmula protectora, textura ligera y formato con dosificador, es una alternativa interesante para el cabello da\u00f1ado. Puedes conseguirlo desde Amazon <a title=\"Comprar en Amazon\" href=\"https:\/\/laostia.top\/tienda\/?asin=B0DGG9N9L7\" target=\"_blank\" rel=\"nofollow noopener noreferrer\"><strong>haciendo clic aqu\u00ed<\/strong><\/a> y aprovechar la oferta antes de que cambie el precio.<\/p>\n<\/p><\/div>\n<p><\/main><\/div>\n","protected":false},"excerpt":{"rendered":"<p>\u00bfBuscas un acondicionador que cuide el cabello d\u00e9bil o da\u00f1ado sin dejar sensaci\u00f3n pesada? Este acondicionador Pantene Pro-V Repara y Protege de 800 ml combina una f\u00f3rmula protectora con un c\u00f3modo dosificador.Puedes conseguirlo ahora mismo en Amazon por solo 8,10\u20ac con el cup\u00f3n disponible en ficha, lo que supone un 38% de descuento respecto a<\/p>\n","protected":false},"author":2,"featured_media":19398,"comment_status":"closed","ping_status":"open","sticky":false,"template":"","format":"standard","meta":{"footnotes":""},"categories":[1],"tags":[],"class_list":["post-19397","post","type-post","status-publish","format-standard","has-post-thumbnail","hentry","category-oferta"],"_links":{"self":[{"href":"https:\/\/laostia.top\/index.php?rest_route=\/wp\/v2\/posts\/19397","targetHints":{"allow":["GET"]}}],"collection":[{"href":"https:\/\/laostia.top\/index.php?rest_route=\/wp\/v2\/posts"}],"about":[{"href":"https:\/\/laostia.top\/index.php?rest_route=\/wp\/v2\/types\/post"}],"author":[{"embeddable":true,"href":"https:\/\/laostia.top\/index.php?rest_route=\/wp\/v2\/users\/2"}],"replies":[{"embeddable":true,"href":"https:\/\/laostia.top\/index.php?rest_route=%2Fwp%2Fv2%2Fcomments&post=19397"}],"version-history":[{"count":0,"href":"https:\/\/laostia.top\/index.php?rest_route=\/wp\/v2\/posts\/19397\/revisions"}],"wp:featuredmedia":[{"embeddable":true,"href":"https:\/\/laostia.top\/index.php?rest_route=\/wp\/v2\/media\/19398"}],"wp:attachment":[{"href":"https:\/\/laostia.top\/index.php?rest_route=%2Fwp%2Fv2%2Fmedia&parent=19397"}],"wp:term":[{"taxonomy":"category","embeddable":true,"href":"https:\/\/laostia.top\/index.php?rest_route=%2Fwp%2Fv2%2Fcategories&post=19397"},{"taxonomy":"post_tag","embeddable":true,"href":"https:\/\/laostia.top\/index.php?rest_route=%2Fwp%2Fv2%2Ftags&post=19397"}],"curies":[{"name":"wp","href":"https:\/\/api.w.org\/{rel}","templated":true}]}}